{"id":815,"date":"2023-11-16T19:12:24","date_gmt":"2023-11-16T19:12:24","guid":{"rendered":"https:\/\/ctlevante.es\/?p=815"},"modified":"2023-11-16T19:12:24","modified_gmt":"2023-11-16T19:12:24","slug":"ctl-traslada-al-secretario-autonomico-de-transportes-los-principales-problemas-a-los-que-el-transporte-portuario-se-enfrenta-en-valencia","status":"publish","type":"post","link":"https:\/\/ctlevante.es\/?p=815","title":{"rendered":"CTL traslada al secretario auton\u00f3mico de Transportes, los principales problemas a los que el transporte portuario se enfrenta en Valencia"},"content":{"rendered":"\n<p>Jose Vicente D\u00f3mine, secretario auton\u00f3mico de Transportes, ha mantenido una primera reuni\u00f3n de trabajo con V\u00edctor Gonz\u00e1lez y Jose Ram\u00f3n Gimeno,&nbsp;&nbsp;Presidente y secretario de CTL Valencia en la que&nbsp;&nbsp;los representantes de esta organizaci\u00f3n profesional, han trasladado al representante del gobierno valenciano, los principales problemas a los que el transporte portuario debe enfrentarse en la actualidad.<\/p>\n\n\n\n<p>Este encuentro, solicitado por CTL Valencia con objeto de iniciar una estrecha relaci\u00f3n con el nuevo gobierno de la Comunidad, ha permitido poner sobre la mesa aspectos como la creaci\u00f3n del Comit\u00e9 Valenciano de Transportes, una iniciativa impulsada sin \u00e9xito durante a\u00f1os desde esta organizaci\u00f3n y que ahora alcanza un valor fundamental ya que a juicio de CTL Valencia, la importantes decisiones que se est\u00e1n realizando en materia de transportes, deben contar necesariamente con la visi\u00f3n del sector. La propuesta de creaci\u00f3n de esta mesa sectorial ha contado con una buena acogida por parte del responsable de transportes, y ser\u00e1 valorada en pr\u00f3ximas reuniones.<\/p>\n\n\n\n<p>Del mismo modo, la reuni\u00f3n ha permitido hacer hincapi\u00e9 en la deficiencia de infraestructuras que arrastra el transporte portuario, en especial las relacionadas con la creaci\u00f3n de aparcamientos seguros y zonas de espera en el entorno de las instalaciones portuarias. Fenatport&nbsp;&nbsp;ya ha insistido en numerosas ocasiones en la necesidad de disponer de este tipo de infraestructuras fuera de los puertos, evitando casos como el de Valencia donde se producen, en caso de incidencias, graves afecciones sobre el tr\u00e1fico rodado en la capital.<\/p>\n\n\n\n<p>Jose Vicente D\u00f3mine, ha se\u00f1alado, la voluntad de la Conselleria de evitar la criminaliizaci\u00f3n del transporte portuario por carretera, impulsando medidas que ayuden a mejorar las condiciones laborales del sector, ante lo que puede calificarse como una grave carencia de relevo generacional.<\/p>\n\n\n\n<p>Durante esta misma reuni\u00f3n, se ha puesto de manifiesto algunos de los problemas espec\u00edficos del transporte portuario como es el caso de las colas y su vinculaci\u00f3n con el estr\u00e9s profesional. As\u00ed mismo, el secretario auton\u00f3mico ha trasladado algunas de las medidas inminentes a adoptar para mejorar estas situaciones, actuaciones como las que van a ejecutarse en breve en Parc Sagunt.<\/p>\n\n\n\n<p>Por \u00faltimo, el encuentro ha permitido hablar de la importancia que alcanza la formaci\u00f3n en el sector, y en especial en una rama tan concreta como el transporte portuario. CTL Levante ha puesto en valor el trabajo que se realiza desde el Centro de Formaci\u00f3n, abriendo la puerta a posibles colaboraciones futuras.<\/p>\n\n\n\n<p>Una vez concluida esta intensa reuni\u00f3n, ambas partes han quedado emplazadas para seguir avanzando en aspectos concretos en posteriores encuentros con el director general de transportes de la Conselleria<\/p>\n","protected":false},"excerpt":{"rendered":"<p>Jose Vicente D\u00f3mine, secretario auton\u00f3mico de Transportes, ha mantenido una primera reuni\u00f3n de trabajo con V\u00edctor Gonz\u00e1lez y Jose Ram\u00f3n Gimeno,&nbsp;&nbsp;Presidente y secretario de CTL Valencia en la que&nbsp;&nbsp;los representantes de esta organizaci\u00f3n profesional, han trasladado al representante del gobierno valenciano, los principales problemas a los que el transporte portuario debe enfrentarse en la actualidad. [&hellip;]<\/p>\n","protected":false},"author":1,"featured_media":816,"comment_status":"open","ping_status":"closed","sticky":false,"template":"","format":"standard","meta":{"footnotes":""},"categories":[1],"tags":[26,2,6],"class_list":["post-815","post","type-post","status-publish","format-standard","has-post-thumbnail","hentry","category-uncategorized","tag-ctl-levante","tag-puertos","tag-transporte"],"jetpack_featured_media_url":"https:\/\/ctlevante.es\/wp-content\/uploads\/2023\/11\/Unknown.jpeg","_links":{"self":[{"href":"https:\/\/ctlevante.es\/index.php?rest_route=\/wp\/v2\/posts\/815","targetHints":{"allow":["GET"]}}],"collection":[{"href":"https:\/\/ctlevante.es\/index.php?rest_route=\/wp\/v2\/posts"}],"about":[{"href":"https:\/\/ctlevante.es\/index.php?rest_route=\/wp\/v2\/types\/post"}],"author":[{"embeddable":true,"href":"https:\/\/ctlevante.es\/index.php?rest_route=\/wp\/v2\/users\/1"}],"replies":[{"embeddable":true,"href":"https:\/\/ctlevante.es\/index.php?rest_route=%2Fwp%2Fv2%2Fcomments&post=815"}],"version-history":[{"count":1,"href":"https:\/\/ctlevante.es\/index.php?rest_route=\/wp\/v2\/posts\/815\/revisions"}],"predecessor-version":[{"id":817,"href":"https:\/\/ctlevante.es\/index.php?rest_route=\/wp\/v2\/posts\/815\/revisions\/817"}],"wp:featuredmedia":[{"embeddable":true,"href":"https:\/\/ctlevante.es\/index.php?rest_route=\/wp\/v2\/media\/816"}],"wp:attachment":[{"href":"https:\/\/ctlevante.es\/index.php?rest_route=%2Fwp%2Fv2%2Fmedia&parent=815"}],"wp:term":[{"taxonomy":"category","embeddable":true,"href":"https:\/\/ctlevante.es\/index.php?rest_route=%2Fwp%2Fv2%2Fcategories&post=815"},{"taxonomy":"post_tag","embeddable":true,"href":"https:\/\/ctlevante.es\/index.php?rest_route=%2Fwp%2Fv2%2Ftags&post=815"}],"curies":[{"name":"wp","href":"https:\/\/api.w.org\/{rel}","templated":true}]}}