{"id":582,"date":"2023-06-28T07:58:25","date_gmt":"2023-06-28T07:58:25","guid":{"rendered":"https:\/\/ctlevante.es\/?p=582"},"modified":"2023-06-28T08:01:04","modified_gmt":"2023-06-28T08:01:04","slug":"fetransa-valora-positivamente-la-prorroga-de-las-ayudas-al-combustible-para-transportistas-profesionales","status":"publish","type":"post","link":"https:\/\/ctlevante.es\/?p=582","title":{"rendered":"FETRANSA valora positivamente la pr\u00f3rroga de las ayudas al combustible para transportistas profesionales"},"content":{"rendered":"\n<p>La Federaci\u00f3n Espa\u00f1ola de Transporte Discrecional de Mercanc\u00edas (FETRANSA), que representa mayoritariamente a transportistas aut\u00f3nomos y pymes en Espa\u00f1a, ha acogido muy positivamente el anuncio del Gobierno, tras el Consejo de Ministros celebrado en el d\u00eda de&nbsp;&nbsp;hoy, de prorrogar la medida de ayudas al combustible para transportistas profesionales al menos hasta finales del presente a\u00f1o.<\/p>\n\n\n\n<p><a href=\"https:\/\/ctlevante.es\/?p=369\">Era \u00e9sta una petici\u00f3n que el sector ha seguido demandando en estos meses<\/a>, ante la dif\u00edcil coyuntura que se viene arrastrando desde hace tiempo en uno de los pilares b\u00e1sicos del sistema econ\u00f3mico en nuestro pa\u00eds, y que desde los diferentes miembros de la c\u00fapula directiva y asociaciones territoriales de la Federaci\u00f3n se ha venido reiterando en todos los foros d\u00f3nde han intervenido, ante los ministerios de Transportes, de Hacienda y los diferentes \u00f3rganos parlamentarios del Gobierno, de las Comunidades Aut\u00f3nomas y las comisiones de los partidos pol\u00edticos, en una incansable defensa de las necesidades del sector del transporte. Por ello Fetransa se congratula de que su demanda de pr\u00f3rroga a las ayudas al combustible haya sido finalmente recogida en el texto del Real Decreto.<\/p>\n\n\n\n<p>Esta reivindicaci\u00f3n, <a href=\"https:\/\/www.cadenadesuministro.es\/carrusel\/se-prorroga-hasta-final-de-ano-la-bonificacion-del-gasoleo-para-el-transporte-profesional-y-se-reducira-en-octubre\/\">apoyada tambi\u00e9n por el Comit\u00e9 Nacional del Transporte y sus asociaciones miembro, ha obtenido respuesta en el anuncio hoy por parte del Gobierno de prorrogar las ayudas<\/a> al carburante profesional en 10 cts\/litro durante el tercer trimestre del a\u00f1o 2023, y de 5 cts\/l en el \u00faltimo trimestre de 2023.<\/p>\n\n\n\n<p>&nbsp;&nbsp;&nbsp;&nbsp;&nbsp;&nbsp;&nbsp;&nbsp;&nbsp;&nbsp;&nbsp;&nbsp;Esperamos que este reconocimiento de ayuda tan necesaria al sector del transporte tenga su continuidad en las pr\u00f3ximas decisiones del Gobierno en importantes materias que a\u00fan se han de legislar, y que sin duda merecen la m\u00e1xima atenci\u00f3n del ejecutivo hacia un sector imprescindible en el tejido econ\u00f3mico y social del pa\u00eds, como es el del transporte y sus profesionales.&nbsp;<\/p>\n","protected":false},"excerpt":{"rendered":"<p>La Federaci\u00f3n Espa\u00f1ola de Transporte Discrecional de Mercanc\u00edas (FETRANSA), que representa mayoritariamente a transportistas aut\u00f3nomos y pymes en Espa\u00f1a, ha acogido muy positivamente el anuncio del Gobierno, tras el Consejo de Ministros celebrado en el d\u00eda de&nbsp;&nbsp;hoy, de prorrogar la medida de ayudas al combustible para transportistas profesionales al menos hasta finales del presente a\u00f1o. [&hellip;]<\/p>\n","protected":false},"author":1,"featured_media":584,"comment_status":"open","ping_status":"closed","sticky":false,"template":"","format":"standard","meta":{"footnotes":""},"categories":[15,7],"tags":[],"class_list":["post-582","post","type-post","status-publish","format-standard","has-post-thumbnail","hentry","category-fetransa","category-ministerio"],"jetpack_featured_media_url":"https:\/\/ctlevante.es\/wp-content\/uploads\/2023\/06\/Surtidor-gasolina-1.jpg","_links":{"self":[{"href":"https:\/\/ctlevante.es\/index.php?rest_route=\/wp\/v2\/posts\/582","targetHints":{"allow":["GET"]}}],"collection":[{"href":"https:\/\/ctlevante.es\/index.php?rest_route=\/wp\/v2\/posts"}],"about":[{"href":"https:\/\/ctlevante.es\/index.php?rest_route=\/wp\/v2\/types\/post"}],"author":[{"embeddable":true,"href":"https:\/\/ctlevante.es\/index.php?rest_route=\/wp\/v2\/users\/1"}],"replies":[{"embeddable":true,"href":"https:\/\/ctlevante.es\/index.php?rest_route=%2Fwp%2Fv2%2Fcomments&post=582"}],"version-history":[{"count":1,"href":"https:\/\/ctlevante.es\/index.php?rest_route=\/wp\/v2\/posts\/582\/revisions"}],"predecessor-version":[{"id":583,"href":"https:\/\/ctlevante.es\/index.php?rest_route=\/wp\/v2\/posts\/582\/revisions\/583"}],"wp:featuredmedia":[{"embeddable":true,"href":"https:\/\/ctlevante.es\/index.php?rest_route=\/wp\/v2\/media\/584"}],"wp:attachment":[{"href":"https:\/\/ctlevante.es\/index.php?rest_route=%2Fwp%2Fv2%2Fmedia&parent=582"}],"wp:term":[{"taxonomy":"category","embeddable":true,"href":"https:\/\/ctlevante.es\/index.php?rest_route=%2Fwp%2Fv2%2Fcategories&post=582"},{"taxonomy":"post_tag","embeddable":true,"href":"https:\/\/ctlevante.es\/index.php?rest_route=%2Fwp%2Fv2%2Ftags&post=582"}],"curies":[{"name":"wp","href":"https:\/\/api.w.org\/{rel}","templated":true}]}}