{"id":553,"date":"2023-06-14T15:08:02","date_gmt":"2023-06-14T15:08:02","guid":{"rendered":"https:\/\/ctlevante.es\/?p=553"},"modified":"2023-06-14T15:08:02","modified_gmt":"2023-06-14T15:08:02","slug":"fenatport-alerta-sobre-los-problemas-derivados-de-la-edad-media-de-los-conductores","status":"publish","type":"post","link":"https:\/\/ctlevante.es\/?p=553","title":{"rendered":"Fenatport alerta sobre los problemas derivados de la edad media de los conductores"},"content":{"rendered":"\n<p>Tal y como <a href=\"http:\/\/www.autonomosenruta.com\/transporte-mercancias\/asociaciones\/asamblea-guitrans-conductores-camion\">ha recordado recientemente Guitrans en su asamblea anual<\/a>, el aumento de la edad media de los conductores profesionales en nuestro pa\u00eds y la falta de relevo generacional, son uno de los principales problemas a los que se enfrenta el sector en los pr\u00f3ximos a\u00f1os.<\/p>\n\n\n\n<p>Esta situaci\u00f3n, <a href=\"https:\/\/ctlevante.es\/?p=500\">ya puesta de manifiesto en m\u00faltiples ocasiones desde Fenatport,<\/a> sit\u00faa el futuro del sector ante un panorama incierto en el que las medidas promovidas hasta el momento han mostrado su clara ineficacia.<\/p>\n\n\n\n<p>Seg\u00fan los datos que maneja esta organizaci\u00f3n, aproximadamente un 70 % de los conductores profesionales se encuentran en una franja de edad entre los 50 y los 55 a\u00f1os, siendo m\u00ednima la incorporaci\u00f3n al sector de j\u00f3venes profesionales.<\/p>\n\n\n\n<p>Entre los factores que determinan esta situaci\u00f3n se encuentra el escaso atractivo que supone para los j\u00f3venes una profesi\u00f3n que ha reducido considerablemente sus m\u00e1rgenes de rentabilidad. A su vez, la inseguridad que supone el nuevo escenario que abre las exigencias medio ambientales y la obligada renovaci\u00f3n de flotas, hace a\u00fan mas complejo el acceso a una profesi\u00f3n que obliga, en gran medida a una importante inversi\u00f3n inicial.<\/p>\n\n\n\n<p>Por otro lado, tal y como se\u00f1ala Fenatport, la constante criminalizaci\u00f3n del sector y las permanentes acusaciones ante todo tipo de acusaciones&nbsp;&nbsp;desde distintos estamentos, no hacen m\u00e1s que empa\u00f1ar m\u00e1s a\u00fan la imagen de profesionales que hoy por hoy contin\u00faan siendo imprescindibles dentro de los procesos establecidos en la cadena de suministros de nuestra econom\u00eda.<\/p>\n","protected":false},"excerpt":{"rendered":"<p>Tal y como ha recordado recientemente Guitrans en su asamblea anual, el aumento de la edad media de los conductores profesionales en nuestro pa\u00eds y la falta de relevo generacional, son uno de los principales problemas a los que se enfrenta el sector en los pr\u00f3ximos a\u00f1os. Esta situaci\u00f3n, ya puesta de manifiesto en m\u00faltiples [&hellip;]<\/p>\n","protected":false},"author":1,"featured_media":554,"comment_status":"open","ping_status":"closed","sticky":false,"template":"","format":"standard","meta":{"footnotes":""},"categories":[8],"tags":[],"class_list":["post-553","post","type-post","status-publish","format-standard","has-post-thumbnail","hentry","category-fenatport"],"jetpack_featured_media_url":"https:\/\/ctlevante.es\/wp-content\/uploads\/2023\/06\/Camion-conductor-mayor.jpg","_links":{"self":[{"href":"https:\/\/ctlevante.es\/index.php?rest_route=\/wp\/v2\/posts\/553","targetHints":{"allow":["GET"]}}],"collection":[{"href":"https:\/\/ctlevante.es\/index.php?rest_route=\/wp\/v2\/posts"}],"about":[{"href":"https:\/\/ctlevante.es\/index.php?rest_route=\/wp\/v2\/types\/post"}],"author":[{"embeddable":true,"href":"https:\/\/ctlevante.es\/index.php?rest_route=\/wp\/v2\/users\/1"}],"replies":[{"embeddable":true,"href":"https:\/\/ctlevante.es\/index.php?rest_route=%2Fwp%2Fv2%2Fcomments&post=553"}],"version-history":[{"count":1,"href":"https:\/\/ctlevante.es\/index.php?rest_route=\/wp\/v2\/posts\/553\/revisions"}],"predecessor-version":[{"id":555,"href":"https:\/\/ctlevante.es\/index.php?rest_route=\/wp\/v2\/posts\/553\/revisions\/555"}],"wp:featuredmedia":[{"embeddable":true,"href":"https:\/\/ctlevante.es\/index.php?rest_route=\/wp\/v2\/media\/554"}],"wp:attachment":[{"href":"https:\/\/ctlevante.es\/index.php?rest_route=%2Fwp%2Fv2%2Fmedia&parent=553"}],"wp:term":[{"taxonomy":"category","embeddable":true,"href":"https:\/\/ctlevante.es\/index.php?rest_route=%2Fwp%2Fv2%2Fcategories&post=553"},{"taxonomy":"post_tag","embeddable":true,"href":"https:\/\/ctlevante.es\/index.php?rest_route=%2Fwp%2Fv2%2Ftags&post=553"}],"curies":[{"name":"wp","href":"https:\/\/api.w.org\/{rel}","templated":true}]}}