{"id":41,"date":"2021-07-16T11:59:40","date_gmt":"2021-07-16T11:59:40","guid":{"rendered":"https:\/\/ctlevante.es\/?p=41"},"modified":"2021-07-16T11:59:40","modified_gmt":"2021-07-16T11:59:40","slug":"fenatport-vuelve-a-la-actividad-tras-valorar-la-propuesta-de-mejoras-realizada-por-apm","status":"publish","type":"post","link":"https:\/\/ctlevante.es\/?p=41","title":{"rendered":"Fenatport vuelve a la actividad tras valorar la propuesta de mejoras realizada por APM"},"content":{"rendered":"\n<p>La Fenatport ha acordado volver a prestar servicios de transporte <a href=\"https:\/\/www.puertosymas.com\/los-transportistas-de-fenatport-y-fvet-retoman-la-actividad-en-la-terminal-valenciana-de-apm\/\">tras valorar positivamente la propuestas incluidas en el documento remitido<\/a> por los responsables de la terminal.<\/p>\n\n\n\n<p>La vuelta a la actividad se produce a partir de las 8:00 del viernes 16, al aceptar las medidas que propone la terminal, tanto a corto, como a medio plazo para mejorar el servicio que se presta al transporte, medidas que deben evitar las largas horas de espera que se ven\u00edan produciendo.<\/p>\n\n\n\n<p><\/p>\n\n\n\n<p>Por su parte, los compa\u00f1eros de Astraport <a href=\"https:\/\/ctlevante.es\/?p=26\">contin\u00faan con su reivindicaci\u00f3n en el puerto de Castell\u00f3n al no tener soluciones satisfactorias por arte de la terminal<\/a><\/p>\n","protected":false},"excerpt":{"rendered":"<p>La Federaci\u00f3n ha acordado volver a prestar servicios de transporte tras valorar positivamente la propuestas incluidas en el documento remitido por los responsables de la terminal.<\/p>\n","protected":false},"author":1,"featured_media":42,"comment_status":"open","ping_status":"closed","sticky":false,"template":"","format":"standard","meta":{"footnotes":""},"categories":[19,20],"tags":[24,22,23,6,21],"class_list":["post-41","post","type-post","status-publish","format-standard","has-post-thumbnail","hentry","category-puerto-de-valencia","category-terminales","tag-apm","tag-puerto","tag-terminal","tag-transporte","tag-valencia"],"jetpack_featured_media_url":"https:\/\/ctlevante.es\/wp-content\/uploads\/2021\/07\/APM-Terminals.jpg","_links":{"self":[{"href":"https:\/\/ctlevante.es\/index.php?rest_route=\/wp\/v2\/posts\/41","targetHints":{"allow":["GET"]}}],"collection":[{"href":"https:\/\/ctlevante.es\/index.php?rest_route=\/wp\/v2\/posts"}],"about":[{"href":"https:\/\/ctlevante.es\/index.php?rest_route=\/wp\/v2\/types\/post"}],"author":[{"embeddable":true,"href":"https:\/\/ctlevante.es\/index.php?rest_route=\/wp\/v2\/users\/1"}],"replies":[{"embeddable":true,"href":"https:\/\/ctlevante.es\/index.php?rest_route=%2Fwp%2Fv2%2Fcomments&post=41"}],"version-history":[{"count":1,"href":"https:\/\/ctlevante.es\/index.php?rest_route=\/wp\/v2\/posts\/41\/revisions"}],"predecessor-version":[{"id":43,"href":"https:\/\/ctlevante.es\/index.php?rest_route=\/wp\/v2\/posts\/41\/revisions\/43"}],"wp:featuredmedia":[{"embeddable":true,"href":"https:\/\/ctlevante.es\/index.php?rest_route=\/wp\/v2\/media\/42"}],"wp:attachment":[{"href":"https:\/\/ctlevante.es\/index.php?rest_route=%2Fwp%2Fv2%2Fmedia&parent=41"}],"wp:term":[{"taxonomy":"category","embeddable":true,"href":"https:\/\/ctlevante.es\/index.php?rest_route=%2Fwp%2Fv2%2Fcategories&post=41"},{"taxonomy":"post_tag","embeddable":true,"href":"https:\/\/ctlevante.es\/index.php?rest_route=%2Fwp%2Fv2%2Ftags&post=41"}],"curies":[{"name":"wp","href":"https:\/\/api.w.org\/{rel}","templated":true}]}}