{"id":1050,"date":"2024-02-22T17:22:50","date_gmt":"2024-02-22T17:22:50","guid":{"rendered":"https:\/\/ctlevante.es\/?p=1050"},"modified":"2024-02-22T17:22:50","modified_gmt":"2024-02-22T17:22:50","slug":"fetransa-pide-conjugar-las-necesidades-del-transporte-con-las-movilizaciones-de-los-agricultores","status":"publish","type":"post","link":"https:\/\/ctlevante.es\/?p=1050","title":{"rendered":"Fetransa pide conjugar las necesidades del Transporte con\u00a0\u00a0las movilizaciones de los agricultores"},"content":{"rendered":"\n<p>La Federaci\u00f3n&nbsp;&nbsp;Espa\u00f1ola de Transporte Discrecional de Mercanc\u00edas (FETRANSA) muestra su satisfacci\u00f3n por la aprobaci\u00f3n de las excepciones en la aplicaci\u00f3n del Reglamento 561, al tiempo que reclama uniformidad en el criterio en los supuestos contemplados, ya que las m\u00faltiples situaciones que se plantean en su d\u00eda a d\u00eda pueden llevar a diferentes interpretaciones.<\/p>\n\n\n\n<p>Asimismo, Fetransa quiere mostrar su sensibilidad con los agricultores y ganaderos en sus movilizaciones, si bien pide a estos colectivos no convertir a los profesionales del transporte en rehenes de los actos generados para defender sus reivindicaciones, conjugando los justos derechos de los profesionales del campo con las necesidades y voluntad de los transportistas.<\/p>\n\n\n\n<p>En consonancia con todo ello, Fetransa reclama al Ministerio de Transportes y Movilidad Sostenible (MITMS) mayor claridad en la aplicaci\u00f3n de las medidas de excepcionalidad, y en&nbsp;&nbsp;este sentido&nbsp;&nbsp;recomienda a los transportistas que&nbsp;opten siempre por reflejar en su tac\u00f3grafo cualquier tipo de incidencia cuando tengan que acogerse a las excepciones establecidas por el MITMS.<\/p>\n","protected":false},"excerpt":{"rendered":"<p>La Federaci\u00f3n&nbsp;&nbsp;Espa\u00f1ola de Transporte Discrecional de Mercanc\u00edas (FETRANSA) muestra su satisfacci\u00f3n por la aprobaci\u00f3n de las excepciones en la aplicaci\u00f3n del Reglamento 561, al tiempo que reclama uniformidad en el criterio en los supuestos contemplados, ya que las m\u00faltiples situaciones que se plantean en su d\u00eda a d\u00eda pueden llevar a diferentes interpretaciones. Asimismo, Fetransa [&hellip;]<\/p>\n","protected":false},"author":1,"featured_media":1051,"comment_status":"open","ping_status":"closed","sticky":false,"template":"","format":"standard","meta":{"footnotes":""},"categories":[1],"tags":[14,6],"class_list":["post-1050","post","type-post","status-publish","format-standard","has-post-thumbnail","hentry","category-uncategorized","tag-fetransa","tag-transporte"],"jetpack_featured_media_url":"https:\/\/ctlevante.es\/wp-content\/uploads\/2024\/02\/Movilizaciones-agricultores.jpg","_links":{"self":[{"href":"https:\/\/ctlevante.es\/index.php?rest_route=\/wp\/v2\/posts\/1050","targetHints":{"allow":["GET"]}}],"collection":[{"href":"https:\/\/ctlevante.es\/index.php?rest_route=\/wp\/v2\/posts"}],"about":[{"href":"https:\/\/ctlevante.es\/index.php?rest_route=\/wp\/v2\/types\/post"}],"author":[{"embeddable":true,"href":"https:\/\/ctlevante.es\/index.php?rest_route=\/wp\/v2\/users\/1"}],"replies":[{"embeddable":true,"href":"https:\/\/ctlevante.es\/index.php?rest_route=%2Fwp%2Fv2%2Fcomments&post=1050"}],"version-history":[{"count":1,"href":"https:\/\/ctlevante.es\/index.php?rest_route=\/wp\/v2\/posts\/1050\/revisions"}],"predecessor-version":[{"id":1052,"href":"https:\/\/ctlevante.es\/index.php?rest_route=\/wp\/v2\/posts\/1050\/revisions\/1052"}],"wp:featuredmedia":[{"embeddable":true,"href":"https:\/\/ctlevante.es\/index.php?rest_route=\/wp\/v2\/media\/1051"}],"wp:attachment":[{"href":"https:\/\/ctlevante.es\/index.php?rest_route=%2Fwp%2Fv2%2Fmedia&parent=1050"}],"wp:term":[{"taxonomy":"category","embeddable":true,"href":"https:\/\/ctlevante.es\/index.php?rest_route=%2Fwp%2Fv2%2Fcategories&post=1050"},{"taxonomy":"post_tag","embeddable":true,"href":"https:\/\/ctlevante.es\/index.php?rest_route=%2Fwp%2Fv2%2Ftags&post=1050"}],"curies":[{"name":"wp","href":"https:\/\/api.w.org\/{rel}","templated":true}]}}